{"id":2758,"date":"2021-10-28T10:14:44","date_gmt":"2021-10-28T10:14:44","guid":{"rendered":"http:\/\/www.barbara-club.ch\/?p=2758"},"modified":"2022-11-17T21:43:13","modified_gmt":"2022-11-17T21:43:13","slug":"fasnachts-flashmob-in-der-innenstadt","status":"publish","type":"post","link":"https:\/\/www.barbara-club.ch\/?p=2758","title":{"rendered":"Fasnachts-Flashmob in der Innenstadt"},"content":{"rendered":"\n<p>Fasnachtskl\u00e4nge mitten im Herbst in der Freien Strasse. Was wie ein falscher Film wirkt, ist eine Flashmob-Aktion des Comit\u00e9s der jungen Garden.<\/p>\n\n\n\n<figure class=\"wp-block-image size-large\"><img loading=\"lazy\" decoding=\"async\" width=\"1024\" height=\"576\" src=\"https:\/\/www.barbara-club.ch\/wp-content\/uploads\/2021\/10\/879ba025-b424-480a-879c-dad34e0673b7-1024x576.jpg\" alt=\"\" class=\"wp-image-2760\" srcset=\"https:\/\/www.barbara-club.ch\/wp-content\/uploads\/2021\/10\/879ba025-b424-480a-879c-dad34e0673b7-1024x576.jpg 1024w, https:\/\/www.barbara-club.ch\/wp-content\/uploads\/2021\/10\/879ba025-b424-480a-879c-dad34e0673b7-300x169.jpg 300w, https:\/\/www.barbara-club.ch\/wp-content\/uploads\/2021\/10\/879ba025-b424-480a-879c-dad34e0673b7-768x432.jpg 768w, https:\/\/www.barbara-club.ch\/wp-content\/uploads\/2021\/10\/879ba025-b424-480a-879c-dad34e0673b7-1536x864.jpg 1536w, https:\/\/www.barbara-club.ch\/wp-content\/uploads\/2021\/10\/879ba025-b424-480a-879c-dad34e0673b7-400x225.jpg 400w, https:\/\/www.barbara-club.ch\/wp-content\/uploads\/2021\/10\/879ba025-b424-480a-879c-dad34e0673b7.jpg 2048w\" sizes=\"auto, (max-width: 1024px) 100vw, 1024px\" \/><\/figure>\n\n\n\n<p>Piccolo- und Trommelmusik schallt durch die Freie Strasse. So mancher Passant d\u00fcrfte sich am Sonntagnachmittag gefragt haben, ob es denn spontan Fasnacht sei. Doch was im ersten Moment wie ein falscher Film wirkt, ist in Wirklichkeit eine geplante Flashmob-Aktion des Organisationscomit\u00e9s JuGaA (Jungi Garde Anlass).<\/p>\n\n\n\n<p>Der Hintergedanke der Aktion ist die Absage der Fasnacht 2020 sowie der Fasnacht 2021. \u00abViele Kinder h\u00e4tten ihren ersten Cort\u00e8ge mit der Clique erlebt oder das erste Mal mitpfeifen oder -trommeln d\u00fcrfen. Nach den Nicht-Fasnachten 2020\/21 hatten viele Junge Garden nur sehr wenige oder gar keine Neuanmeldungen zu verzeichnen und leider haben sich auch einige Kinder wieder abgemeldet\u00bb, schreiben die Verantwortlichen in einer Mitteilung.<\/p>\n\n\n\n<p>Aus diesem Grund haben sich rund 30 Junge Garden f\u00fcr den Flashmob-Anlass angemeldet, damit rund 900 aktive Kinder und Jugendliche die M\u00f6glichkeit haben, durch die Basler Innenstadt zu g\u00e4sseln. Man wolle aber mit der Aktion keinesfalls eine Herbstfasnacht zelebrieren, deshalb wurde im Vorfeld auch kaum Werbung daf\u00fcr gemacht.<\/p>\n\n\n\n<p><\/p>\n\n\n\n<p>Video:<\/p>\n\n\n\n<p><a href=\"https:\/\/telebasel.ch\/2021\/10\/17\/fasnachts-flashmob-in-der-innenstadt\/?channel=32341\">Fasnachts-Flashmob in der Innenstadt &#8211; Telebasel<\/a><\/p>\n\r\n\t\t<style>\r\n\t\t\t.huge-it-share-buttons {\r\n\t\t\t\tborder:0px solid #0FB5D6;\r\n\t\t\t\tborder-radius:5px;\r\n\t\t\t\tbackground:#3BD8FF;\r\n\t\t\t\t\t\t\t\t\t text-align:center; \t\t\t}\r\n\r\n\t\t\t#huge-it-share-buttons-top {margin-bottom:0px;}\r\n\t\t\t#huge-it-share-buttons-bottom {margin-top:0px;}\r\n\r\n\t\t\t.huge-it-share-buttons h3 {\r\n\t\t\t\tfont-size:25px ;\r\n\t\t\t\tfont-family:Arial,Helvetica Neue,Helvetica,sans-serif;\r\n\t\t\t\tcolor:#666666;\r\n\r\n\t\t\tdisplay:block;\t\t\t\tline-height:25px ;\r\n\r\n\t\t\t\t\t\t\t\t\t text-align:center; \t\t\t}\r\n\r\n\t\t\t.huge-it-share-buttons ul {\r\n\t\t\t\t\t\t\t\t\t margin:0px auto !important;text-align:center; \t\t\t}\r\n\r\n\t\t\t.huge-it-share-buttons ul li {\r\n\t\t\t\tmargin-left:3px;\r\n\t\t\t\tmargin-right:3px;\r\n\t\t\t\tpadding:0px;\r\n\t\t\t\tborder:0px ridge #E6354C;\r\n\t\t\t\tborder-radius:11px;\r\n\t\t\t\tbackground-color:#14CC9B;\r\n\t\t\t}\r\n\r\n\t\t\t.huge-it-share-buttons ul li #backforunical2758 {\r\n\t\t\t\tborder-bottom: 0;\r\n\t\t\t\tbackground-image:url('https:\/\/www.barbara-club.ch\/wp-content\/plugins\/wp-share-buttons\/Front_end\/..\/images\/buttons.30.png');\r\n\t\t\t\twidth:30px;\r\n\t\t\t\theight:30px;\r\n\t\t\t}\r\n\r\n\t\t\t.front-shares-count {\r\n\t\t\t\tposition: absolute;\r\n\t\t\t\ttext-align: center;\r\n\t\t\t\tdisplay: block;\r\n\t\t\t}\r\n\r\n\t\t\t.shares_size20 .front-shares-count {\r\n\t\t\t\tfont-size: 10px;\r\n\t\t\t\ttop: 10px;\r\n\t\t\t\twidth: 20px;\r\n\t\t\t}\r\n\r\n\t\t\t.shares_size30 .front-shares-count {\r\n\t\t\t\tfont-size: 11px;\r\n\t\t\t\ttop: 15px;\r\n\t\t\t\twidth: 30px;\r\n\t\t\t}\r\n\r\n\t\t\t.shares_size40 .front-shares-count {\r\n\t\t\t\tfont-size: 12px;\r\n\t\t\t\ttop: 21px;\r\n\t\t\t\twidth: 40px;\r\n\t\t\t}\r\n\t\t<\/style>\r\n\t\t\r\n\t\t<div id=\"huge-it-share-buttons-top\" class=\"huge-it-share-buttons nobackground\">\r\n\t\t\t<h3>Share This:<\/h3>\r\n\t\t\t<ul class=\"huge-it-share-buttons-list \">\r\n\t\t\t\t\t\t\t\t\t<li class=\"nobackground \" >\r\n\r\n\t\t\t\t\t\t\t\t\t\t\t\t<a id=\"backforunical2758\" href=\"https:\/\/www.facebook.com\/sharer\/sharer.php?u=www.barbara-club.ch\/index.php?rest_route=%2Fwp%2Fv2%2Fposts%2F2758\"  onclick=\"javascript:void window.open('https:\/\/www.facebook.com\/sharer\/sharer.php?u=www.barbara-club.ch\/index.php?rest_route=%2Fwp%2Fv2%2Fposts%2F2758','1410949501326','width=700,height=500,toolbar=0,menubar=0,location=0,status=1,scrollbars=1,resizable=1,left=0,top=0');return false;\" style=\"background-position: -0px -120px \"><\/a>\r\n\t\t\t\t\t<\/li>\r\n\t\t\t\t\t\t\t\t\t\t<li class=\"nobackground \" >\r\n\r\n\t\t\t\t\t\t\t\t\t\t\t\t<a id=\"backforunical2758\" href=\"https:\/\/twitter.com\/share?status=www.barbara-club.ch\/index.php?rest_route=%2Fwp%2Fv2%2Fposts%2F2758&text=Fasnachts-Flashmob in der Innenstadt\"  onclick=\"javascript:void window.open('https:\/\/twitter.com\/share?status=www.barbara-club.ch\/index.php?rest_route=%2Fwp%2Fv2%2Fposts%2F2758&text=Fasnachts-Flashmob in der Innenstadt','1410949501326','width=700,height=500,toolbar=0,menubar=0,location=0,status=1,scrollbars=1,resizable=1,left=0,top=0');return false;\" style=\"background-position: -30px -120px \"><\/a>\r\n\t\t\t\t\t<\/li>\r\n\t\t\t\t\t\t\t\t\t\t<li class=\"none nobackground \" >\r\n\r\n\t\t\t\t\t\t\t\t\t\t\t\t<a id=\"backforunical2758\" href=\"http:\/\/www.pinterest.com\/pin\/create\/button\/?url=www.barbara-club.ch\/index.php?rest_route=%2Fwp%2Fv2%2Fposts%2F2758&media=https:\/\/www.barbara-club.ch\/wp-content\/uploads\/2021\/10\/2021-10-28-12_11_57-Fasnachts-Flashmob-in-der-Innenstadt-Telebasel-und-6-weitere-Seiten-Geschaeft.png&description=Fasnachts-Flashmob in der Innenstadt\"  onclick=\"javascript:void window.open('http:\/\/www.pinterest.com\/pin\/create\/button\/?url=www.barbara-club.ch\/index.php?rest_route=%2Fwp%2Fv2%2Fposts%2F2758&media=https:\/\/www.barbara-club.ch\/wp-content\/uploads\/2021\/10\/2021-10-28-12_11_57-Fasnachts-Flashmob-in-der-Innenstadt-Telebasel-und-6-weitere-Seiten-Geschaeft.png&description=Fasnachts-Flashmob in der Innenstadt','1410949501326','width=700,height=500,toolbar=0,menubar=0,location=0,status=1,scrollbars=1,resizable=1,left=0,top=0');return false;\" style=\"background-position: -60px -120px \"><\/a>\r\n\t\t\t\t\t<\/li>\r\n\t\t\t\t\t\t\t\t\t\t<li class=\"nobackground \" >\r\n\r\n\t\t\t\t\t\t\t\t\t\t\t\t<a id=\"backforunical2758\" href=\"https:\/\/plus.google.com\/share?url=www.barbara-club.ch\/index.php?rest_route=%2Fwp%2Fv2%2Fposts%2F2758\"  onclick=\"javascript:void window.open('https:\/\/plus.google.com\/share?url=www.barbara-club.ch\/index.php?rest_route=%2Fwp%2Fv2%2Fposts%2F2758','1410949501326','width=700,height=500,toolbar=0,menubar=0,location=0,status=1,scrollbars=1,resizable=1,left=0,top=0');return false;\" style=\"background-position: -90px -120px \"><\/a>\r\n\t\t\t\t\t<\/li>\r\n\t\t\t\t\t\t\t\t\t\t<li class=\"none nobackground \" >\r\n\r\n\t\t\t\t\t\t\t\t\t\t\t\t<a id=\"backforunical2758\" href=\"https:\/\/www.linkedin.com\/shareArticle?title=Fasnachts-Flashmob in der Innenstadt&mini=true&url=https:\/\/www.barbara-club.ch\/index.php?rest_route=%2Fwp%2Fv2%2Fposts%2F2758\"  onclick=\"javascript:void window.open('https:\/\/www.linkedin.com\/shareArticle?title=Fasnachts-Flashmob in der Innenstadt&mini=true&url=https:\/\/www.barbara-club.ch\/index.php?rest_route=%2Fwp%2Fv2%2Fposts%2F2758','1410949501326','width=700,height=500,toolbar=0,menubar=0,location=0,status=1,scrollbars=1,resizable=1,left=0,top=0');return false;\" style=\"background-position: -120px -120px \"><\/a>\r\n\t\t\t\t\t<\/li>\r\n\t\t\t\t\t\t\t\t\t\t<li class=\"none nobackground \" >\r\n\r\n\t\t\t\t\t\t\t\t\t\t\t\t<a id=\"backforunical2758\" href=\"https:\/\/www.tumblr.com\/share\/link?url=www.barbara-club.ch\/index.php?rest_route=%2Fwp%2Fv2%2Fposts%2F2758&name=Fasnachts-Flashmob in der Innenstadt\"  onclick=\"javascript:void window.open('https:\/\/www.tumblr.com\/share\/link?url=www.barbara-club.ch\/index.php?rest_route=%2Fwp%2Fv2%2Fposts%2F2758&name=Fasnachts-Flashmob in der Innenstadt','1410949501326','width=700,height=500,toolbar=0,menubar=0,location=0,status=1,scrollbars=1,resizable=1,left=0,top=0');return false;\" style=\"background-position: -150px -120px \"><\/a>\r\n\t\t\t\t\t<\/li>\r\n\t\t\t\t\t\t\t\t\t\t<li class=\"none nobackground \" >\r\n\r\n\t\t\t\t\t\t\t\t\t\t\t\t<a id=\"backforunical2758\" href=\"http:\/\/digg.com\/submit?phase=2&url=www.barbara-club.ch\/index.php?rest_route=%2Fwp%2Fv2%2Fposts%2F2758&title=Fasnachts-Flashmob in der Innenstadt\"  onclick=\"javascript:void window.open('http:\/\/digg.com\/submit?phase=2&url=www.barbara-club.ch\/index.php?rest_route=%2Fwp%2Fv2%2Fposts%2F2758&title=Fasnachts-Flashmob in der Innenstadt','1410949501326','width=700,height=500,toolbar=0,menubar=0,location=0,status=1,scrollbars=1,resizable=1,left=0,top=0');return false;\" style=\"background-position: -180px -120px \"><\/a>\r\n\t\t\t\t\t<\/li>\r\n\t\t\t\t\t\t\t\t\t\t<li class=\"none nobackground \" >\r\n\r\n\t\t\t\t\t\t\t\t\t\t\t\t<a id=\"backforunical2758\" href=\"http:\/\/www.stumbleupon.com\/submit?url=www.barbara-club.ch\/index.php?rest_route=%2Fwp%2Fv2%2Fposts%2F2758&title=Fasnachts-Flashmob in der Innenstadt\"  onclick=\"javascript:void window.open('http:\/\/www.stumbleupon.com\/submit?url=www.barbara-club.ch\/index.php?rest_route=%2Fwp%2Fv2%2Fposts%2F2758&title=Fasnachts-Flashmob in der Innenstadt','1410949501326','width=700,height=500,toolbar=0,menubar=0,location=0,status=1,scrollbars=1,resizable=1,left=0,top=0');return false;\" style=\"background-position: -210px -120px \"><\/a>\r\n\t\t\t\t\t<\/li>\r\n\t\t\t\t\t\t\t\t\t\t<li class=\"none nobackground \" >\r\n\r\n\t\t\t\t\t\t\t\t\t\t\t\t<a id=\"backforunical2758\" href=\"https:\/\/myspace.com\/post?l=3&u=www.barbara-club.ch\/index.php?rest_route=%2Fwp%2Fv2%2Fposts%2F2758\"  onclick=\"javascript:void window.open('https:\/\/myspace.com\/post?l=3&u=www.barbara-club.ch\/index.php?rest_route=%2Fwp%2Fv2%2Fposts%2F2758','1410949501326','width=700,height=500,toolbar=0,menubar=0,location=0,status=1,scrollbars=1,resizable=1,left=0,top=0');return false;\" style=\"background-position: -240px -120px \"><\/a>\r\n\t\t\t\t\t<\/li>\r\n\t\t\t\t\t\t\t\t\t\t<li class=\"none nobackground \" >\r\n\r\n\t\t\t\t\t\t\t\t\t\t\t\t<a id=\"backforunical2758\" href=\"http:\/\/vk.com\/share.php?url=www.barbara-club.ch\/index.php?rest_route=%2Fwp%2Fv2%2Fposts%2F2758&title=Fasnachts-Flashmob in der Innenstadt\"  onclick=\"javascript:void window.open('http:\/\/vk.com\/share.php?url=www.barbara-club.ch\/index.php?rest_route=%2Fwp%2Fv2%2Fposts%2F2758&title=Fasnachts-Flashmob in der Innenstadt','1410949501326','width=700,height=500,toolbar=0,menubar=0,location=0,status=1,scrollbars=1,resizable=1,left=0,top=0');return false;\" style=\"background-position: -270px -120px \"><\/a>\r\n\t\t\t\t\t<\/li>\r\n\t\t\t\t\t\t\t\t\t\t<li class=\"none nobackground \" >\r\n\r\n\t\t\t\t\t\t\t\t\t\t\t\t<a id=\"backforunical2758\" href=\"http:\/\/www.reddit.com\/submit?url=www.barbara-club.ch\/index.php?rest_route=%2Fwp%2Fv2%2Fposts%2F2758&title=Fasnachts-Flashmob in der Innenstadt\"  onclick=\"javascript:void window.open('http:\/\/www.reddit.com\/submit?url=www.barbara-club.ch\/index.php?rest_route=%2Fwp%2Fv2%2Fposts%2F2758&title=Fasnachts-Flashmob in der Innenstadt','1410949501326','width=700,height=500,toolbar=0,menubar=0,location=0,status=1,scrollbars=1,resizable=1,left=0,top=0');return false;\" style=\"background-position: -300px -120px \"><\/a>\r\n\t\t\t\t\t<\/li>\r\n\t\t\t\t\t\t\t\t\t\t<li class=\"none nobackground \" >\r\n\r\n\t\t\t\t\t\t\t\t\t\t\t\t<a id=\"backforunical2758\" href=\"http:\/\/www.bebo.com\/c\/share?Url=www.barbara-club.ch\/index.php?rest_route=%2Fwp%2Fv2%2Fposts%2F2758\"  onclick=\"javascript:void window.open('http:\/\/www.bebo.com\/c\/share?Url=www.barbara-club.ch\/index.php?rest_route=%2Fwp%2Fv2%2Fposts%2F2758','1410949501326','width=700,height=500,toolbar=0,menubar=0,location=0,status=1,scrollbars=1,resizable=1,left=0,top=0');return false;\" style=\"background-position: -330px -120px \"><\/a>\r\n\t\t\t\t\t<\/li>\r\n\t\t\t\t\t\t\t\t\t\t<li class=\"none nobackground \" >\r\n\r\n\t\t\t\t\t\t\t\t\t\t\t\t<a id=\"backforunical2758\" href=\"https:\/\/delicious.com\/save?v=5&noui&jump=close&url=www.barbara-club.ch\/index.php?rest_route=%2Fwp%2Fv2%2Fposts%2F2758&title=Fasnachts-Flashmob in der Innenstadt\"  onclick=\"javascript:void window.open('https:\/\/delicious.com\/save?v=5&noui&jump=close&url=www.barbara-club.ch\/index.php?rest_route=%2Fwp%2Fv2%2Fposts%2F2758&title=Fasnachts-Flashmob in der Innenstadt','1410949501326','width=700,height=500,toolbar=0,menubar=0,location=0,status=1,scrollbars=1,resizable=1,left=0,top=0');return false;\" style=\"background-position: -360px -120px \"><\/a>\r\n\t\t\t\t\t<\/li>\r\n\t\t\t\t\t\t\t\t\t\t<li class=\"none nobackground \" >\r\n\r\n\t\t\t\t\t\t\t\t\t\t\t\t<a id=\"backforunical2758\" href=\"http:\/\/www.odnoklassniki.ru\/dk?st.cmd=addShare&st.s=2&st.noresize=on&st._surl=www.barbara-club.ch\/index.php?rest_route=%2Fwp%2Fv2%2Fposts%2F2758\"  onclick=\"javascript:void window.open('http:\/\/www.odnoklassniki.ru\/dk?st.cmd=addShare&st.s=2&st.noresize=on&st._surl=www.barbara-club.ch\/index.php?rest_route=%2Fwp%2Fv2%2Fposts%2F2758','1410949501326','width=700,height=500,toolbar=0,menubar=0,location=0,status=1,scrollbars=1,resizable=1,left=0,top=0');return false;\" style=\"background-position: -390px -120px \"><\/a>\r\n\t\t\t\t\t<\/li>\r\n\t\t\t\t\t\t\t\t\t\t<li class=\"none nobackground \" >\r\n\r\n\t\t\t\t\t\t\t\t\t\t\t\t<a id=\"backforunical2758\" href=\"http:\/\/sns.qzone.qq.com\/cgi-bin\/qzshare\/cgi_qzshare_onekey?url=www.barbara-club.ch\/index.php?rest_route=%2Fwp%2Fv2%2Fposts%2F2758&title=Fasnachts-Flashmob in der Innenstadt\"  onclick=\"javascript:void window.open('http:\/\/sns.qzone.qq.com\/cgi-bin\/qzshare\/cgi_qzshare_onekey?url=www.barbara-club.ch\/index.php?rest_route=%2Fwp%2Fv2%2Fposts%2F2758&title=Fasnachts-Flashmob in der Innenstadt','1410949501326','width=700,height=500,toolbar=0,menubar=0,location=0,status=1,scrollbars=1,resizable=1,left=0,top=0');return false;\" style=\"background-position: -420px -120px \"><\/a>\r\n\t\t\t\t\t<\/li>\r\n\t\t\t\t\t\t\t\t\t\t<li class=\"none nobackground \" >\r\n\r\n\t\t\t\t\t\t\t\t\t\t\t\t<a id=\"backforunical2758\" href=\"http:\/\/service.weibo.com\/share\/share.php?url=www.barbara-club.ch\/index.php?rest_route=%2Fwp%2Fv2%2Fposts%2F2758&appkey=&title=Fasnachts-Flashmob in der Innenstadt&pic=&ralateUid=&\"  onclick=\"javascript:void window.open('http:\/\/service.weibo.com\/share\/share.php?url=www.barbara-club.ch\/index.php?rest_route=%2Fwp%2Fv2%2Fposts%2F2758&appkey=&title=Fasnachts-Flashmob in der Innenstadt&pic=&ralateUid=&','1410949501326','width=700,height=500,toolbar=0,menubar=0,location=0,status=1,scrollbars=1,resizable=1,left=0,top=0');return false;\" style=\"background-position: -450px -120px \"><\/a>\r\n\t\t\t\t\t<\/li>\r\n\t\t\t\t\t\t\t\t\t\t<li class=\"none nobackground \" >\r\n\r\n\t\t\t\t\t\t\t\t\t\t\t\t<a id=\"backforunical2758\" href=\"http:\/\/widget.renren.com\/dialog\/share?resourceUrl=www.barbara-club.ch\/index.php?rest_route=%2Fwp%2Fv2%2Fposts%2F2758&srcUrl=www.barbara-club.ch\/index.php?rest_route=%2Fwp%2Fv2%2Fposts%2F2758&title=Fasnachts-Flashmob in der Innenstadt\"  onclick=\"javascript:void window.open('http:\/\/widget.renren.com\/dialog\/share?resourceUrl=www.barbara-club.ch\/index.php?rest_route=%2Fwp%2Fv2%2Fposts%2F2758&srcUrl=www.barbara-club.ch\/index.php?rest_route=%2Fwp%2Fv2%2Fposts%2F2758&title=Fasnachts-Flashmob in der Innenstadt','1410949501326','width=700,height=500,toolbar=0,menubar=0,location=0,status=1,scrollbars=1,resizable=1,left=0,top=0');return false;\" style=\"background-position: -480px -120px \"><\/a>\r\n\t\t\t\t\t<\/li>\r\n\t\t\t\t\t\t\t\t\t\t<li class=\"none nobackground \" >\r\n\r\n\t\t\t\t\t\t\t\t\t\t\t\t<a id=\"backforunical2758\" href=\"http:\/\/n4g.com\/tips?url=www.barbara-club.ch\/index.php?rest_route=%2Fwp%2Fv2%2Fposts%2F2758&title=Fasnachts-Flashmob in der Innenstadt\"  onclick=\"javascript:void window.open('http:\/\/n4g.com\/tips?url=www.barbara-club.ch\/index.php?rest_route=%2Fwp%2Fv2%2Fposts%2F2758&title=Fasnachts-Flashmob in der Innenstadt','1410949501326','width=700,height=500,toolbar=0,menubar=0,location=0,status=1,scrollbars=1,resizable=1,left=0,top=0');return false;\" style=\"background-position: -510px -120px \"><\/a>\r\n\t\t\t\t\t<\/li>\r\n\t\t\t\t\t\t\t\t<\/ul>\r\n\t\t\t<div class=\"clear\"><\/div>\r\n\t\t<\/div>\r\n\t\t","protected":false},"excerpt":{"rendered":"<p>Fasnachtskl\u00e4nge mitten im Herbst in der Freien Strasse. Was wie ein falscher Film wirkt, ist eine Flashmob-Aktion des Comit\u00e9s der jungen Garden. Piccolo- und Trommelmusik schallt durch die Freie Strasse. So mancher Passant d\u00fcrfte sich am Sonntagnachmittag gefragt haben, ob es denn spontan Fasnacht sei. Doch was im ersten Moment wie ein falscher Film wirkt, [&hellip;]<\/p>\n","protected":false},"author":1,"featured_media":2759,"comment_status":"closed","ping_status":"closed","sticky":false,"template":"","format":"standard","meta":{"ngg_post_thumbnail":0,"footnotes":""},"categories":[16],"tags":[],"class_list":["post-2758","post","type-post","status-publish","format-standard","has-post-thumbnail","hentry","category-jungi-garde"],"_links":{"self":[{"href":"https:\/\/www.barbara-club.ch\/index.php?rest_route=\/wp\/v2\/posts\/2758","targetHints":{"allow":["GET"]}}],"collection":[{"href":"https:\/\/www.barbara-club.ch\/index.php?rest_route=\/wp\/v2\/posts"}],"about":[{"href":"https:\/\/www.barbara-club.ch\/index.php?rest_route=\/wp\/v2\/types\/post"}],"author":[{"embeddable":true,"href":"https:\/\/www.barbara-club.ch\/index.php?rest_route=\/wp\/v2\/users\/1"}],"replies":[{"embeddable":true,"href":"https:\/\/www.barbara-club.ch\/index.php?rest_route=%2Fwp%2Fv2%2Fcomments&post=2758"}],"version-history":[{"count":1,"href":"https:\/\/www.barbara-club.ch\/index.php?rest_route=\/wp\/v2\/posts\/2758\/revisions"}],"predecessor-version":[{"id":2761,"href":"https:\/\/www.barbara-club.ch\/index.php?rest_route=\/wp\/v2\/posts\/2758\/revisions\/2761"}],"wp:featuredmedia":[{"embeddable":true,"href":"https:\/\/www.barbara-club.ch\/index.php?rest_route=\/wp\/v2\/media\/2759"}],"wp:attachment":[{"href":"https:\/\/www.barbara-club.ch\/index.php?rest_route=%2Fwp%2Fv2%2Fmedia&parent=2758"}],"wp:term":[{"taxonomy":"category","embeddable":true,"href":"https:\/\/www.barbara-club.ch\/index.php?rest_route=%2Fwp%2Fv2%2Fcategories&post=2758"},{"taxonomy":"post_tag","embeddable":true,"href":"https:\/\/www.barbara-club.ch\/index.php?rest_route=%2Fwp%2Fv2%2Ftags&post=2758"}],"curies":[{"name":"wp","href":"https:\/\/api.w.org\/{rel}","templated":true}]}}